{"id":3078,"date":"2025-06-30T21:15:01","date_gmt":"2025-06-30T19:15:01","guid":{"rendered":"https:\/\/havo.ch\/la-direction-des-ventes-de-havo-group-ag-est-confiee-a-yvonne-vogel\/"},"modified":"2025-11-11T15:07:01","modified_gmt":"2025-11-11T14:07:01","slug":"la-direction-des-ventes-de-havo-group-ag-est-confiee-a-yvonne-vogel","status":"publish","type":"post","link":"https:\/\/havo.ch\/fr\/la-direction-des-ventes-de-havo-group-ag-est-confiee-a-yvonne-vogel\/","title":{"rendered":"La direction des ventes de HAVO Group AG est confi\u00e9e \u00e0 Yvonne Vogel"},"content":{"rendered":"\t\t<div data-elementor-type=\"wp-post\" data-elementor-id=\"3078\" class=\"elementor elementor-3078 elementor-259\" data-elementor-post-type=\"post\">\n\t\t\t\t<div class=\"elementor-element elementor-element-4c7c7b03 e-flex e-con-boxed e-con e-parent\" data-id=\"4c7c7b03\" data-element_type=\"container\" data-e-type=\"container\" data-settings=\"{&quot;background_background&quot;:&quot;classic&quot;}\">\n\t\t\t\t\t<div class=\"e-con-inner\">\n\t\t\t\t<div class=\"elementor-element elementor-element-14c29abb elementor-widget elementor-widget-text-editor\" data-id=\"14c29abb\" data-element_type=\"widget\" data-e-type=\"widget\" data-widget_type=\"text-editor.default\">\n\t\t\t\t<div class=\"elementor-widget-container\">\n\t\t\t\t\t\t\t\t\t<p>Juste \u00e0 temps pour son 65e anniversaire, la direction des ventes de HAVO Group AG a \u00e9t\u00e9 officiellement confi\u00e9e par Hans Vogel \u00e0 Yvonne Vogel. Apr\u00e8s de nombreuses ann\u00e9es de d\u00e9vouement, de direction r\u00e9ussie et de travail visionnaire, il est maintenant temps de transmettre l'h\u00e9ritage \u00e0 une g\u00e9n\u00e9ration plus jeune.<\/p><p>La passion inlassable, le sens strat\u00e9gique et le leadership qui ont fa\u00e7onn\u00e9 de mani\u00e8re d\u00e9cisive le succ\u00e8s de HAVO Group AG continueront d'op\u00e9rer \u00e0 l'avenir. Hans continuera de participer activement au d\u00e9veloppement strat\u00e9gique de l'entreprise.<\/p><p>Cette transition marque non seulement une \u00e9tape importante, mais aussi un vent de fra\u00eecheur et de nouvelles perspectives dans la direction des ventes sous la direction d'Yvonne. Avec Yvonne \u00e0 la barre, la strat\u00e9gie de vente continuera d'\u00eatre d\u00e9velopp\u00e9e de mani\u00e8re novatrice et port\u00e9e vers de nouveaux sommets.<\/p><p>Nous abordons les d\u00e9fis \u00e0 venir avec confiance et anticipation et nous nous r\u00e9jouissons de cette collaboration inspirante dans cette nouvelle \u00e8re.<\/p>\t\t\t\t\t\t\t\t<\/div>\n\t\t\t\t<\/div>\n\t\t\t\t\t<\/div>\n\t\t\t\t<\/div>\n\t\t<div class=\"elementor-element elementor-element-049fbfb e-flex e-con-boxed e-con e-parent\" data-id=\"049fbfb\" data-element_type=\"container\" data-e-type=\"container\">\n\t\t\t\t\t<div class=\"e-con-inner\">\n\t\t\t\t\t<\/div>\n\t\t\t\t<\/div>\n\t\t\t\t<\/div>\n\t\t","protected":false},"excerpt":{"rendered":"<p>Juste \u00e0 temps pour son 65e anniversaire, la direction des ventes de HAVO Group AG a \u00e9t\u00e9 officiellement confi\u00e9e par Hans Vogel \u00e0 Yvonne Vogel.<\/p>\n","protected":false},"author":1,"featured_media":3079,"comment_status":"closed","ping_status":"closed","sticky":false,"template":"","format":"standard","meta":{"_acf_changed":false,"footnotes":""},"categories":[135],"tags":[],"class_list":["post-3078","post","type-post","status-publish","format-standard","has-post-thumbnail","hentry","category-actualites"],"acf":[],"yoast_head":"<!-- This site is optimized with the Yoast SEO plugin v27.3 - https:\/\/yoast.com\/product\/yoast-seo-wordpress\/ -->\n<title>La direction des ventes de HAVO Group AG est confi\u00e9e \u00e0 Yvonne Vogel &#8211; HAVO Group AG<\/title>\n<meta name=\"description\" content=\"Juste \u00e0 temps pour son 65e anniversaire, la direction des ventes de HAVO Group AG a \u00e9t\u00e9 officiellement confi\u00e9e par Hans Vogel \u00e0 Yvonne Vogel.\" \/>\n<meta name=\"robots\" content=\"index, follow, max-snippet:-1, max-image-preview:large, max-video-preview:-1\" \/>\n<link rel=\"canonical\" href=\"https:\/\/havo.ch\/fr\/la-direction-des-ventes-de-havo-group-ag-est-confiee-a-yvonne-vogel\/\" \/>\n<meta property=\"og:locale\" content=\"fr_FR\" \/>\n<meta property=\"og:type\" content=\"article\" \/>\n<meta property=\"og:title\" content=\"La direction des ventes de HAVO Group AG est confi\u00e9e \u00e0 Yvonne Vogel &#8211; HAVO Group AG\" \/>\n<meta property=\"og:description\" content=\"Juste \u00e0 temps pour son 65e anniversaire, la direction des ventes de HAVO Group AG a \u00e9t\u00e9 officiellement confi\u00e9e par Hans Vogel \u00e0 Yvonne Vogel.\" \/>\n<meta property=\"og:url\" content=\"https:\/\/havo.ch\/fr\/la-direction-des-ventes-de-havo-group-ag-est-confiee-a-yvonne-vogel\/\" \/>\n<meta property=\"og:site_name\" content=\"HAVO Group AG\" \/>\n<meta property=\"article:publisher\" content=\"https:\/\/www.facebook.com\/havogroupag\" \/>\n<meta property=\"article:published_time\" content=\"2025-06-30T19:15:01+00:00\" \/>\n<meta property=\"article:modified_time\" content=\"2025-11-11T14:07:01+00:00\" \/>\n<meta property=\"og:image\" content=\"https:\/\/havo.ch\/wp-content\/uploads\/2025\/06\/Uebergabe_20250113.a9d86325.jpg\" \/>\n\t<meta property=\"og:image:width\" content=\"800\" \/>\n\t<meta property=\"og:image:height\" content=\"748\" \/>\n\t<meta property=\"og:image:type\" content=\"image\/jpeg\" \/>\n<meta name=\"author\" content=\"admin\" \/>\n<meta name=\"twitter:card\" content=\"summary_large_image\" \/>\n<meta name=\"twitter:label1\" content=\"\u00c9crit par\" \/>\n\t<meta name=\"twitter:data1\" content=\"admin\" \/>\n\t<meta name=\"twitter:label2\" content=\"Dur\u00e9e de lecture estim\u00e9e\" \/>\n\t<meta name=\"twitter:data2\" content=\"1 minute\" \/>\n<script type=\"application\/ld+json\" class=\"yoast-schema-graph\">{\"@context\":\"https:\\\/\\\/schema.org\",\"@graph\":[{\"@type\":\"Article\",\"@id\":\"https:\\\/\\\/havo.ch\\\/fr\\\/la-direction-des-ventes-de-havo-group-ag-est-confiee-a-yvonne-vogel\\\/#article\",\"isPartOf\":{\"@id\":\"https:\\\/\\\/havo.ch\\\/fr\\\/la-direction-des-ventes-de-havo-group-ag-est-confiee-a-yvonne-vogel\\\/\"},\"author\":{\"name\":\"admin\",\"@id\":\"https:\\\/\\\/havo.ch\\\/fr\\\/#\\\/schema\\\/person\\\/389ad0c5f667fe8e3b7a33bbd8043cb8\"},\"headline\":\"La direction des ventes de HAVO Group AG est confi\u00e9e \u00e0 Yvonne Vogel\",\"datePublished\":\"2025-06-30T19:15:01+00:00\",\"dateModified\":\"2025-11-11T14:07:01+00:00\",\"mainEntityOfPage\":{\"@id\":\"https:\\\/\\\/havo.ch\\\/fr\\\/la-direction-des-ventes-de-havo-group-ag-est-confiee-a-yvonne-vogel\\\/\"},\"wordCount\":192,\"publisher\":{\"@id\":\"https:\\\/\\\/havo.ch\\\/fr\\\/#organization\"},\"image\":{\"@id\":\"https:\\\/\\\/havo.ch\\\/fr\\\/la-direction-des-ventes-de-havo-group-ag-est-confiee-a-yvonne-vogel\\\/#primaryimage\"},\"thumbnailUrl\":\"https:\\\/\\\/havo.ch\\\/wp-content\\\/uploads\\\/2025\\\/06\\\/Uebergabe_20250113.a9d86325.jpg\",\"articleSection\":[\"Actualit\u00e9s\"],\"inLanguage\":\"fr-FR\"},{\"@type\":\"WebPage\",\"@id\":\"https:\\\/\\\/havo.ch\\\/fr\\\/la-direction-des-ventes-de-havo-group-ag-est-confiee-a-yvonne-vogel\\\/\",\"url\":\"https:\\\/\\\/havo.ch\\\/fr\\\/la-direction-des-ventes-de-havo-group-ag-est-confiee-a-yvonne-vogel\\\/\",\"name\":\"La direction des ventes de HAVO Group AG est confi\u00e9e \u00e0 Yvonne Vogel &#8211; HAVO Group AG\",\"isPartOf\":{\"@id\":\"https:\\\/\\\/havo.ch\\\/fr\\\/#website\"},\"primaryImageOfPage\":{\"@id\":\"https:\\\/\\\/havo.ch\\\/fr\\\/la-direction-des-ventes-de-havo-group-ag-est-confiee-a-yvonne-vogel\\\/#primaryimage\"},\"image\":{\"@id\":\"https:\\\/\\\/havo.ch\\\/fr\\\/la-direction-des-ventes-de-havo-group-ag-est-confiee-a-yvonne-vogel\\\/#primaryimage\"},\"thumbnailUrl\":\"https:\\\/\\\/havo.ch\\\/wp-content\\\/uploads\\\/2025\\\/06\\\/Uebergabe_20250113.a9d86325.jpg\",\"datePublished\":\"2025-06-30T19:15:01+00:00\",\"dateModified\":\"2025-11-11T14:07:01+00:00\",\"description\":\"Juste \u00e0 temps pour son 65e anniversaire, la direction des ventes de HAVO Group AG a \u00e9t\u00e9 officiellement confi\u00e9e par Hans Vogel \u00e0 Yvonne Vogel.\",\"breadcrumb\":{\"@id\":\"https:\\\/\\\/havo.ch\\\/fr\\\/la-direction-des-ventes-de-havo-group-ag-est-confiee-a-yvonne-vogel\\\/#breadcrumb\"},\"inLanguage\":\"fr-FR\",\"potentialAction\":[{\"@type\":\"ReadAction\",\"target\":[\"https:\\\/\\\/havo.ch\\\/fr\\\/la-direction-des-ventes-de-havo-group-ag-est-confiee-a-yvonne-vogel\\\/\"]}]},{\"@type\":\"ImageObject\",\"inLanguage\":\"fr-FR\",\"@id\":\"https:\\\/\\\/havo.ch\\\/fr\\\/la-direction-des-ventes-de-havo-group-ag-est-confiee-a-yvonne-vogel\\\/#primaryimage\",\"url\":\"https:\\\/\\\/havo.ch\\\/wp-content\\\/uploads\\\/2025\\\/06\\\/Uebergabe_20250113.a9d86325.jpg\",\"contentUrl\":\"https:\\\/\\\/havo.ch\\\/wp-content\\\/uploads\\\/2025\\\/06\\\/Uebergabe_20250113.a9d86325.jpg\",\"width\":800,\"height\":748},{\"@type\":\"BreadcrumbList\",\"@id\":\"https:\\\/\\\/havo.ch\\\/fr\\\/la-direction-des-ventes-de-havo-group-ag-est-confiee-a-yvonne-vogel\\\/#breadcrumb\",\"itemListElement\":[{\"@type\":\"ListItem\",\"position\":1,\"name\":\"Startseite\",\"item\":\"https:\\\/\\\/havo.ch\\\/fr\\\/\"},{\"@type\":\"ListItem\",\"position\":2,\"name\":\"Actualit\u00e9s\",\"item\":\"https:\\\/\\\/havo.ch\\\/fr\\\/cat\u00e9gorie\\\/actualites\\\/\"},{\"@type\":\"ListItem\",\"position\":3,\"name\":\"La direction des ventes de HAVO Group AG est confi\u00e9e \u00e0 Yvonne Vogel\"}]},{\"@type\":\"WebSite\",\"@id\":\"https:\\\/\\\/havo.ch\\\/fr\\\/#website\",\"url\":\"https:\\\/\\\/havo.ch\\\/fr\\\/\",\"name\":\"HAVO Group AG\",\"description\":\"Solutions de r\u00e9frig\u00e9ration pr\u00eates \u00e0 brancher pour l'univers de la fra\u00eecheur suisse.\",\"publisher\":{\"@id\":\"https:\\\/\\\/havo.ch\\\/fr\\\/#organization\"},\"alternateName\":\"HAVO Group AG\",\"potentialAction\":[{\"@type\":\"SearchAction\",\"target\":{\"@type\":\"EntryPoint\",\"urlTemplate\":\"https:\\\/\\\/havo.ch\\\/fr\\\/?s={search_term_string}\"},\"query-input\":{\"@type\":\"PropertyValueSpecification\",\"valueRequired\":true,\"valueName\":\"search_term_string\"}}],\"inLanguage\":\"fr-FR\"},{\"@type\":\"Organization\",\"@id\":\"https:\\\/\\\/havo.ch\\\/fr\\\/#organization\",\"name\":\"HAVO Group AG\",\"alternateName\":\"HAVO Group AG\",\"url\":\"https:\\\/\\\/havo.ch\\\/fr\\\/\",\"logo\":{\"@type\":\"ImageObject\",\"inLanguage\":\"fr-FR\",\"@id\":\"https:\\\/\\\/havo.ch\\\/fr\\\/#\\\/schema\\\/logo\\\/image\\\/\",\"url\":\"https:\\\/\\\/havo.ch\\\/wp-content\\\/uploads\\\/2025\\\/10\\\/HAVO-Group-AG-Logo-farbig.svg\",\"contentUrl\":\"https:\\\/\\\/havo.ch\\\/wp-content\\\/uploads\\\/2025\\\/10\\\/HAVO-Group-AG-Logo-farbig.svg\",\"width\":793,\"height\":122,\"caption\":\"HAVO Group AG\"},\"image\":{\"@id\":\"https:\\\/\\\/havo.ch\\\/fr\\\/#\\\/schema\\\/logo\\\/image\\\/\"},\"sameAs\":[\"https:\\\/\\\/www.facebook.com\\\/havogroupag\",\"https:\\\/\\\/www.instagram.com\\\/havogroupag\\\/\",\"https:\\\/\\\/www.linkedin.com\\\/company\\\/havo-group-ag\\\/\",\"https:\\\/\\\/www.youtube.com\\\/@havogroupag6623\",\"https:\\\/\\\/www.tiktok.com\\\/@havogroupag\"]},{\"@type\":\"Person\",\"@id\":\"https:\\\/\\\/havo.ch\\\/fr\\\/#\\\/schema\\\/person\\\/389ad0c5f667fe8e3b7a33bbd8043cb8\",\"name\":\"admin\",\"sameAs\":[\"https:\\\/\\\/havo.ch\"]}]}<\/script>\n<!-- \/ Yoast SEO plugin. -->","yoast_head_json":{"title":"La direction des ventes de HAVO Group AG est confi\u00e9e \u00e0 Yvonne Vogel &#8211; HAVO Group AG","description":"Juste \u00e0 temps pour son 65e anniversaire, la direction des ventes de HAVO Group AG a \u00e9t\u00e9 officiellement confi\u00e9e par Hans Vogel \u00e0 Yvonne Vogel.","robots":{"index":"index","follow":"follow","max-snippet":"max-snippet:-1","max-image-preview":"max-image-preview:large","max-video-preview":"max-video-preview:-1"},"canonical":"https:\/\/havo.ch\/fr\/la-direction-des-ventes-de-havo-group-ag-est-confiee-a-yvonne-vogel\/","og_locale":"fr_FR","og_type":"article","og_title":"La direction des ventes de HAVO Group AG est confi\u00e9e \u00e0 Yvonne Vogel &#8211; HAVO Group AG","og_description":"Juste \u00e0 temps pour son 65e anniversaire, la direction des ventes de HAVO Group AG a \u00e9t\u00e9 officiellement confi\u00e9e par Hans Vogel \u00e0 Yvonne Vogel.","og_url":"https:\/\/havo.ch\/fr\/la-direction-des-ventes-de-havo-group-ag-est-confiee-a-yvonne-vogel\/","og_site_name":"HAVO Group AG","article_publisher":"https:\/\/www.facebook.com\/havogroupag","article_published_time":"2025-06-30T19:15:01+00:00","article_modified_time":"2025-11-11T14:07:01+00:00","og_image":[{"width":800,"height":748,"url":"https:\/\/havo.ch\/wp-content\/uploads\/2025\/06\/Uebergabe_20250113.a9d86325.jpg","type":"image\/jpeg"}],"author":"admin","twitter_card":"summary_large_image","twitter_misc":{"\u00c9crit par":"admin","Dur\u00e9e de lecture estim\u00e9e":"1 minute"},"schema":{"@context":"https:\/\/schema.org","@graph":[{"@type":"Article","@id":"https:\/\/havo.ch\/fr\/la-direction-des-ventes-de-havo-group-ag-est-confiee-a-yvonne-vogel\/#article","isPartOf":{"@id":"https:\/\/havo.ch\/fr\/la-direction-des-ventes-de-havo-group-ag-est-confiee-a-yvonne-vogel\/"},"author":{"name":"admin","@id":"https:\/\/havo.ch\/fr\/#\/schema\/person\/389ad0c5f667fe8e3b7a33bbd8043cb8"},"headline":"La direction des ventes de HAVO Group AG est confi\u00e9e \u00e0 Yvonne Vogel","datePublished":"2025-06-30T19:15:01+00:00","dateModified":"2025-11-11T14:07:01+00:00","mainEntityOfPage":{"@id":"https:\/\/havo.ch\/fr\/la-direction-des-ventes-de-havo-group-ag-est-confiee-a-yvonne-vogel\/"},"wordCount":192,"publisher":{"@id":"https:\/\/havo.ch\/fr\/#organization"},"image":{"@id":"https:\/\/havo.ch\/fr\/la-direction-des-ventes-de-havo-group-ag-est-confiee-a-yvonne-vogel\/#primaryimage"},"thumbnailUrl":"https:\/\/havo.ch\/wp-content\/uploads\/2025\/06\/Uebergabe_20250113.a9d86325.jpg","articleSection":["Actualit\u00e9s"],"inLanguage":"fr-FR"},{"@type":"WebPage","@id":"https:\/\/havo.ch\/fr\/la-direction-des-ventes-de-havo-group-ag-est-confiee-a-yvonne-vogel\/","url":"https:\/\/havo.ch\/fr\/la-direction-des-ventes-de-havo-group-ag-est-confiee-a-yvonne-vogel\/","name":"La direction des ventes de HAVO Group AG est confi\u00e9e \u00e0 Yvonne Vogel &#8211; HAVO Group AG","isPartOf":{"@id":"https:\/\/havo.ch\/fr\/#website"},"primaryImageOfPage":{"@id":"https:\/\/havo.ch\/fr\/la-direction-des-ventes-de-havo-group-ag-est-confiee-a-yvonne-vogel\/#primaryimage"},"image":{"@id":"https:\/\/havo.ch\/fr\/la-direction-des-ventes-de-havo-group-ag-est-confiee-a-yvonne-vogel\/#primaryimage"},"thumbnailUrl":"https:\/\/havo.ch\/wp-content\/uploads\/2025\/06\/Uebergabe_20250113.a9d86325.jpg","datePublished":"2025-06-30T19:15:01+00:00","dateModified":"2025-11-11T14:07:01+00:00","description":"Juste \u00e0 temps pour son 65e anniversaire, la direction des ventes de HAVO Group AG a \u00e9t\u00e9 officiellement confi\u00e9e par Hans Vogel \u00e0 Yvonne Vogel.","breadcrumb":{"@id":"https:\/\/havo.ch\/fr\/la-direction-des-ventes-de-havo-group-ag-est-confiee-a-yvonne-vogel\/#breadcrumb"},"inLanguage":"fr-FR","potentialAction":[{"@type":"ReadAction","target":["https:\/\/havo.ch\/fr\/la-direction-des-ventes-de-havo-group-ag-est-confiee-a-yvonne-vogel\/"]}]},{"@type":"ImageObject","inLanguage":"fr-FR","@id":"https:\/\/havo.ch\/fr\/la-direction-des-ventes-de-havo-group-ag-est-confiee-a-yvonne-vogel\/#primaryimage","url":"https:\/\/havo.ch\/wp-content\/uploads\/2025\/06\/Uebergabe_20250113.a9d86325.jpg","contentUrl":"https:\/\/havo.ch\/wp-content\/uploads\/2025\/06\/Uebergabe_20250113.a9d86325.jpg","width":800,"height":748},{"@type":"BreadcrumbList","@id":"https:\/\/havo.ch\/fr\/la-direction-des-ventes-de-havo-group-ag-est-confiee-a-yvonne-vogel\/#breadcrumb","itemListElement":[{"@type":"ListItem","position":1,"name":"Startseite","item":"https:\/\/havo.ch\/fr\/"},{"@type":"ListItem","position":2,"name":"Actualit\u00e9s","item":"https:\/\/havo.ch\/fr\/cat\u00e9gorie\/actualites\/"},{"@type":"ListItem","position":3,"name":"La direction des ventes de HAVO Group AG est confi\u00e9e \u00e0 Yvonne Vogel"}]},{"@type":"WebSite","@id":"https:\/\/havo.ch\/fr\/#website","url":"https:\/\/havo.ch\/fr\/","name":"HAVO Group AG","description":"Solutions de r\u00e9frig\u00e9ration pr\u00eates \u00e0 brancher pour l'univers de la fra\u00eecheur suisse.","publisher":{"@id":"https:\/\/havo.ch\/fr\/#organization"},"alternateName":"HAVO Group AG","potentialAction":[{"@type":"SearchAction","target":{"@type":"EntryPoint","urlTemplate":"https:\/\/havo.ch\/fr\/?s={search_term_string}"},"query-input":{"@type":"PropertyValueSpecification","valueRequired":true,"valueName":"search_term_string"}}],"inLanguage":"fr-FR"},{"@type":"Organization","@id":"https:\/\/havo.ch\/fr\/#organization","name":"HAVO Group AG","alternateName":"HAVO Group AG","url":"https:\/\/havo.ch\/fr\/","logo":{"@type":"ImageObject","inLanguage":"fr-FR","@id":"https:\/\/havo.ch\/fr\/#\/schema\/logo\/image\/","url":"https:\/\/havo.ch\/wp-content\/uploads\/2025\/10\/HAVO-Group-AG-Logo-farbig.svg","contentUrl":"https:\/\/havo.ch\/wp-content\/uploads\/2025\/10\/HAVO-Group-AG-Logo-farbig.svg","width":793,"height":122,"caption":"HAVO Group AG"},"image":{"@id":"https:\/\/havo.ch\/fr\/#\/schema\/logo\/image\/"},"sameAs":["https:\/\/www.facebook.com\/havogroupag","https:\/\/www.instagram.com\/havogroupag\/","https:\/\/www.linkedin.com\/company\/havo-group-ag\/","https:\/\/www.youtube.com\/@havogroupag6623","https:\/\/www.tiktok.com\/@havogroupag"]},{"@type":"Person","@id":"https:\/\/havo.ch\/fr\/#\/schema\/person\/389ad0c5f667fe8e3b7a33bbd8043cb8","name":"admin","sameAs":["https:\/\/havo.ch"]}]}},"publishpress_future_action":{"enabled":false,"date":"2026-05-09 12:54:46","action":"change-status","newStatus":"draft","terms":[],"taxonomy":"category","extraData":[]},"publishpress_future_workflow_manual_trigger":{"enabledWorkflows":[]},"_links":{"self":[{"href":"https:\/\/havo.ch\/fr\/wp-json\/wp\/v2\/posts\/3078","targetHints":{"allow":["GET"]}}],"collection":[{"href":"https:\/\/havo.ch\/fr\/wp-json\/wp\/v2\/posts"}],"about":[{"href":"https:\/\/havo.ch\/fr\/wp-json\/wp\/v2\/types\/post"}],"author":[{"embeddable":true,"href":"https:\/\/havo.ch\/fr\/wp-json\/wp\/v2\/users\/1"}],"replies":[{"embeddable":true,"href":"https:\/\/havo.ch\/fr\/wp-json\/wp\/v2\/comments?post=3078"}],"version-history":[{"count":2,"href":"https:\/\/havo.ch\/fr\/wp-json\/wp\/v2\/posts\/3078\/revisions"}],"predecessor-version":[{"id":3955,"href":"https:\/\/havo.ch\/fr\/wp-json\/wp\/v2\/posts\/3078\/revisions\/3955"}],"wp:featuredmedia":[{"embeddable":true,"href":"https:\/\/havo.ch\/fr\/wp-json\/wp\/v2\/media\/3079"}],"wp:attachment":[{"href":"https:\/\/havo.ch\/fr\/wp-json\/wp\/v2\/media?parent=3078"}],"wp:term":[{"taxonomy":"category","embeddable":true,"href":"https:\/\/havo.ch\/fr\/wp-json\/wp\/v2\/categories?post=3078"},{"taxonomy":"post_tag","embeddable":true,"href":"https:\/\/havo.ch\/fr\/wp-json\/wp\/v2\/tags?post=3078"}],"curies":[{"name":"wp","href":"https:\/\/api.w.org\/{rel}","templated":true}]}}