{"id":3081,"date":"2025-09-10T14:47:57","date_gmt":"2025-09-10T12:47:57","guid":{"rendered":"https:\/\/havo.ch\/webinaire-les-refrigerants-naturels-ont-le-vent-en-poupe\/"},"modified":"2026-04-28T11:34:32","modified_gmt":"2026-04-28T09:34:32","slug":"webinaire-les-refrigerants-naturels-ont-le-vent-en-poupe","status":"publish","type":"post","link":"https:\/\/havo.ch\/fr\/webinaire-les-refrigerants-naturels-ont-le-vent-en-poupe\/","title":{"rendered":"Webinar : Visite de showroom"},"content":{"rendered":"\t\t<div data-elementor-type=\"wp-post\" data-elementor-id=\"3081\" class=\"elementor elementor-3081 elementor-1026\" data-elementor-post-type=\"post\">\n\t\t\t\t<div class=\"elementor-element elementor-element-4c7c7b03 e-flex e-con-boxed e-con e-parent\" data-id=\"4c7c7b03\" data-element_type=\"container\" data-e-type=\"container\">\n\t\t\t\t\t<div class=\"e-con-inner\">\n\t\t\t\t<div class=\"elementor-element elementor-element-5c29607 elementor-widget elementor-widget-heading\" data-id=\"5c29607\" data-element_type=\"widget\" data-e-type=\"widget\" data-widget_type=\"heading.default\">\n\t\t\t\t<div class=\"elementor-widget-container\">\n\t\t\t\t\t<h2 class=\"elementor-heading-title elementor-size-default\">Visite du showroom IDEAL AKE<\/h2>\t\t\t\t<\/div>\n\t\t\t\t<\/div>\n\t\t\t\t<div class=\"elementor-element elementor-element-ecefe6a elementor-icon-list--layout-traditional elementor-list-item-link-full_width elementor-widget elementor-widget-icon-list\" data-id=\"ecefe6a\" data-element_type=\"widget\" data-e-type=\"widget\" data-widget_type=\"icon-list.default\">\n\t\t\t\t<div class=\"elementor-widget-container\">\n\t\t\t\t\t\t\t<ul class=\"elementor-icon-list-items\">\n\t\t\t\t\t\t\t<li class=\"elementor-icon-list-item\">\n\t\t\t\t\t\t\t\t\t\t\t<span class=\"elementor-icon-list-icon\">\n\t\t\t\t\t\t\t<svg aria-hidden=\"true\" class=\"e-font-icon-svg e-fas-calendar-alt\" viewBox=\"0 0 448 512\" xmlns=\"http:\/\/www.w3.org\/2000\/svg\"><path d=\"M0 464c0 26.5 21.5 48 48 48h352c26.5 0 48-21.5 48-48V192H0v272zm320-196c0-6.6 5.4-12 12-12h40c6.6 0 12 5.4 12 12v40c0 6.6-5.4 12-12 12h-40c-6.6 0-12-5.4-12-12v-40zm0 128c0-6.6 5.4-12 12-12h40c6.6 0 12 5.4 12 12v40c0 6.6-5.4 12-12 12h-40c-6.6 0-12-5.4-12-12v-40zM192 268c0-6.6 5.4-12 12-12h40c6.6 0 12 5.4 12 12v40c0 6.6-5.4 12-12 12h-40c-6.6 0-12-5.4-12-12v-40zm0 128c0-6.6 5.4-12 12-12h40c6.6 0 12 5.4 12 12v40c0 6.6-5.4 12-12 12h-40c-6.6 0-12-5.4-12-12v-40zM64 268c0-6.6 5.4-12 12-12h40c6.6 0 12 5.4 12 12v40c0 6.6-5.4 12-12 12H76c-6.6 0-12-5.4-12-12v-40zm0 128c0-6.6 5.4-12 12-12h40c6.6 0 12 5.4 12 12v40c0 6.6-5.4 12-12 12H76c-6.6 0-12-5.4-12-12v-40zM400 64h-48V16c0-8.8-7.2-16-16-16h-32c-8.8 0-16 7.2-16 16v48H160V16c0-8.8-7.2-16-16-16h-32c-8.8 0-16 7.2-16 16v48H48C21.5 64 0 85.5 0 112v48h448v-48c0-26.5-21.5-48-48-48z\"><\/path><\/svg>\t\t\t\t\t\t<\/span>\n\t\t\t\t\t\t\t\t\t\t<span class=\"elementor-icon-list-text\">Mercredi 6 mai 2026<\/span>\n\t\t\t\t\t\t\t\t\t<\/li>\n\t\t\t\t\t\t\t\t<li class=\"elementor-icon-list-item\">\n\t\t\t\t\t\t\t\t\t\t\t<span class=\"elementor-icon-list-icon\">\n\t\t\t\t\t\t\t<svg aria-hidden=\"true\" class=\"e-font-icon-svg e-fas-clock\" viewBox=\"0 0 512 512\" xmlns=\"http:\/\/www.w3.org\/2000\/svg\"><path d=\"M256,8C119,8,8,119,8,256S119,504,256,504,504,393,504,256,393,8,256,8Zm92.49,313h0l-20,25a16,16,0,0,1-22.49,2.5h0l-67-49.72a40,40,0,0,1-15-31.23V112a16,16,0,0,1,16-16h32a16,16,0,0,1,16,16V256l58,42.5A16,16,0,0,1,348.49,321Z\"><\/path><\/svg>\t\t\t\t\t\t<\/span>\n\t\t\t\t\t\t\t\t\t\t<span class=\"elementor-icon-list-text\">11h00 \u2013 12h00 CEST<\/span>\n\t\t\t\t\t\t\t\t\t<\/li>\n\t\t\t\t\t\t\t\t<li class=\"elementor-icon-list-item\">\n\t\t\t\t\t\t\t\t\t\t\t<span class=\"elementor-icon-list-icon\">\n\t\t\t\t\t\t\t<svg aria-hidden=\"true\" class=\"e-font-icon-svg e-fas-map-marker-alt\" viewBox=\"0 0 384 512\" xmlns=\"http:\/\/www.w3.org\/2000\/svg\"><path d=\"M172.268 501.67C26.97 291.031 0 269.413 0 192 0 85.961 85.961 0 192 0s192 85.961 192 192c0 77.413-26.97 99.031-172.268 309.67-9.535 13.774-29.93 13.773-39.464 0zM192 272c44.183 0 80-35.817 80-80s-35.817-80-80-80-80 35.817-80 80 35.817 80 80 80z\"><\/path><\/svg>\t\t\t\t\t\t<\/span>\n\t\t\t\t\t\t\t\t\t\t<span class=\"elementor-icon-list-text\">En ligne<\/span>\n\t\t\t\t\t\t\t\t\t<\/li>\n\t\t\t\t\t\t<\/ul>\n\t\t\t\t\t\t<\/div>\n\t\t\t\t<\/div>\n\t\t\t\t<div class=\"elementor-element elementor-element-0034deb elementor-widget elementor-widget-button\" data-id=\"0034deb\" data-element_type=\"widget\" data-e-type=\"widget\" data-widget_type=\"button.default\">\n\t\t\t\t<div class=\"elementor-widget-container\">\n\t\t\t\t\t\t\t\t\t<div class=\"elementor-button-wrapper\">\n\t\t\t\t\t<a class=\"elementor-button elementor-button-link elementor-size-sm\" href=\"https:\/\/events.teams.microsoft.com\/event\/05fa4cb9-9302-4f8f-b5e9-72a0a646117f@46daddd7-1a2b-4788-bf73-85f938a4e17a\" target=\"_blank\" rel=\"noopener noreferrer nofollow\">\n\t\t\t\t\t\t<span class=\"elementor-button-content-wrapper\">\n\t\t\t\t\t\t\t\t\t<span class=\"elementor-button-text\">S\u2019inscrire maintenant<\/span>\n\t\t\t\t\t<\/span>\n\t\t\t\t\t<\/a>\n\t\t\t\t<\/div>\n\t\t\t\t\t\t\t\t<\/div>\n\t\t\t\t<\/div>\n\t\t\t\t<div class=\"elementor-element elementor-element-14c29abb elementor-widget elementor-widget-text-editor\" data-id=\"14c29abb\" data-element_type=\"widget\" data-e-type=\"widget\" data-widget_type=\"text-editor.default\">\n\t\t\t\t<div class=\"elementor-widget-container\">\n\t\t\t\t\t\t\t\t\t<p>Une visite passionnante vous transporte dans l\u2019univers d\u2019IDEAL AKE. Ce webinaire allie les avantages de l\u2019accessibilit\u00e9 num\u00e9rique \u00e0 l\u2019atmosph\u00e8re agr\u00e9able d\u2019une visite guid\u00e9e personnalis\u00e9e de notre salle d\u2019exposition. Plongez dans un monde d\u2019exp\u00e9riences interactives et laissez-vous s\u00e9duire par de nouvelles id\u00e9es, des solutions cr\u00e9atives et des opportunit\u00e9s inspirantes.  <\/p>\t\t\t\t\t\t\t\t<\/div>\n\t\t\t\t<\/div>\n\t\t\t\t\t<\/div>\n\t\t\t\t<\/div>\n\t\t\t\t<\/div>\n\t\t","protected":false},"excerpt":{"rendered":"<p>Visite du showroom IDEAL AKE Mercredi 6 mai 2026 11h00 \u2013 12h00 CEST En ligne S\u2019inscrire maintenant Une visite passionnante vous transporte dans l\u2019univers d\u2019IDEAL AKE. Ce webinaire allie les avantages de l\u2019accessibilit\u00e9 num\u00e9rique \u00e0 l\u2019atmosph\u00e8re agr\u00e9able d\u2019une visite guid\u00e9e personnalis\u00e9e de notre salle d\u2019exposition. Plongez dans un monde d\u2019exp\u00e9riences interactives et laissez-vous s\u00e9duire par [&hellip;]<\/p>\n","protected":false},"author":1,"featured_media":4585,"comment_status":"closed","ping_status":"closed","sticky":false,"template":"","format":"standard","meta":{"_acf_changed":false,"footnotes":""},"categories":[94],"tags":[],"class_list":["post-3081","post","type-post","status-publish","format-standard","has-post-thumbnail","hentry","category-actualites-et-tendances"],"acf":[],"yoast_head":"<!-- This site is optimized with the Yoast SEO plugin v27.3 - https:\/\/yoast.com\/product\/yoast-seo-wordpress\/ -->\n<title>Webinar : Visite de showroom &#8211; HAVO Group AG<\/title>\n<meta name=\"robots\" content=\"index, follow, max-snippet:-1, max-image-preview:large, max-video-preview:-1\" \/>\n<link rel=\"canonical\" href=\"https:\/\/havo.ch\/fr\/webinaire-les-refrigerants-naturels-ont-le-vent-en-poupe\/\" \/>\n<meta property=\"og:locale\" content=\"fr_FR\" \/>\n<meta property=\"og:type\" content=\"article\" \/>\n<meta property=\"og:title\" content=\"Webinar : Visite de showroom &#8211; HAVO Group AG\" \/>\n<meta property=\"og:description\" content=\"Visite du showroom IDEAL AKE Mercredi 6 mai 2026 11h00 \u2013 12h00 CEST En ligne S\u2019inscrire maintenant Une visite passionnante vous transporte dans l\u2019univers d\u2019IDEAL AKE. Ce webinaire allie les avantages de l\u2019accessibilit\u00e9 num\u00e9rique \u00e0 l\u2019atmosph\u00e8re agr\u00e9able d\u2019une visite guid\u00e9e personnalis\u00e9e de notre salle d\u2019exposition. Plongez dans un monde d\u2019exp\u00e9riences interactives et laissez-vous s\u00e9duire par [&hellip;]\" \/>\n<meta property=\"og:url\" content=\"https:\/\/havo.ch\/fr\/webinaire-les-refrigerants-naturels-ont-le-vent-en-poupe\/\" \/>\n<meta property=\"og:site_name\" content=\"HAVO Group AG\" \/>\n<meta property=\"article:publisher\" content=\"https:\/\/www.facebook.com\/havogroupag\" \/>\n<meta property=\"article:published_time\" content=\"2025-09-10T12:47:57+00:00\" \/>\n<meta property=\"article:modified_time\" content=\"2026-04-28T09:34:32+00:00\" \/>\n<meta property=\"og:image\" content=\"https:\/\/havo.ch\/wp-content\/uploads\/2026\/04\/2026-04-28-11_33_47-Posteingang-miriam.faerber@havo.ch-Outlook.jpg\" \/>\n\t<meta property=\"og:image:width\" content=\"801\" \/>\n\t<meta property=\"og:image:height\" content=\"205\" \/>\n\t<meta property=\"og:image:type\" content=\"image\/jpeg\" \/>\n<meta name=\"author\" content=\"admin\" \/>\n<meta name=\"twitter:card\" content=\"summary_large_image\" \/>\n<meta name=\"twitter:label1\" content=\"\u00c9crit par\" \/>\n\t<meta name=\"twitter:data1\" content=\"admin\" \/>\n<script type=\"application\/ld+json\" class=\"yoast-schema-graph\">{\"@context\":\"https:\\\/\\\/schema.org\",\"@graph\":[{\"@type\":\"Article\",\"@id\":\"https:\\\/\\\/havo.ch\\\/fr\\\/webinaire-les-refrigerants-naturels-ont-le-vent-en-poupe\\\/#article\",\"isPartOf\":{\"@id\":\"https:\\\/\\\/havo.ch\\\/fr\\\/webinaire-les-refrigerants-naturels-ont-le-vent-en-poupe\\\/\"},\"author\":{\"name\":\"admin\",\"@id\":\"https:\\\/\\\/havo.ch\\\/fr\\\/#\\\/schema\\\/person\\\/389ad0c5f667fe8e3b7a33bbd8043cb8\"},\"headline\":\"Webinar : Visite de showroom\",\"datePublished\":\"2025-09-10T12:47:57+00:00\",\"dateModified\":\"2026-04-28T09:34:32+00:00\",\"mainEntityOfPage\":{\"@id\":\"https:\\\/\\\/havo.ch\\\/fr\\\/webinaire-les-refrigerants-naturels-ont-le-vent-en-poupe\\\/\"},\"wordCount\":83,\"publisher\":{\"@id\":\"https:\\\/\\\/havo.ch\\\/fr\\\/#organization\"},\"image\":{\"@id\":\"https:\\\/\\\/havo.ch\\\/fr\\\/webinaire-les-refrigerants-naturels-ont-le-vent-en-poupe\\\/#primaryimage\"},\"thumbnailUrl\":\"https:\\\/\\\/havo.ch\\\/wp-content\\\/uploads\\\/2026\\\/04\\\/2026-04-28-11_33_47-Posteingang-miriam.faerber@havo.ch-Outlook.jpg\",\"articleSection\":[\"Actualit\u00e9s et tendances\"],\"inLanguage\":\"fr-FR\"},{\"@type\":\"WebPage\",\"@id\":\"https:\\\/\\\/havo.ch\\\/fr\\\/webinaire-les-refrigerants-naturels-ont-le-vent-en-poupe\\\/\",\"url\":\"https:\\\/\\\/havo.ch\\\/fr\\\/webinaire-les-refrigerants-naturels-ont-le-vent-en-poupe\\\/\",\"name\":\"Webinar : Visite de showroom &#8211; HAVO Group AG\",\"isPartOf\":{\"@id\":\"https:\\\/\\\/havo.ch\\\/fr\\\/#website\"},\"primaryImageOfPage\":{\"@id\":\"https:\\\/\\\/havo.ch\\\/fr\\\/webinaire-les-refrigerants-naturels-ont-le-vent-en-poupe\\\/#primaryimage\"},\"image\":{\"@id\":\"https:\\\/\\\/havo.ch\\\/fr\\\/webinaire-les-refrigerants-naturels-ont-le-vent-en-poupe\\\/#primaryimage\"},\"thumbnailUrl\":\"https:\\\/\\\/havo.ch\\\/wp-content\\\/uploads\\\/2026\\\/04\\\/2026-04-28-11_33_47-Posteingang-miriam.faerber@havo.ch-Outlook.jpg\",\"datePublished\":\"2025-09-10T12:47:57+00:00\",\"dateModified\":\"2026-04-28T09:34:32+00:00\",\"breadcrumb\":{\"@id\":\"https:\\\/\\\/havo.ch\\\/fr\\\/webinaire-les-refrigerants-naturels-ont-le-vent-en-poupe\\\/#breadcrumb\"},\"inLanguage\":\"fr-FR\",\"potentialAction\":[{\"@type\":\"ReadAction\",\"target\":[\"https:\\\/\\\/havo.ch\\\/fr\\\/webinaire-les-refrigerants-naturels-ont-le-vent-en-poupe\\\/\"]}]},{\"@type\":\"ImageObject\",\"inLanguage\":\"fr-FR\",\"@id\":\"https:\\\/\\\/havo.ch\\\/fr\\\/webinaire-les-refrigerants-naturels-ont-le-vent-en-poupe\\\/#primaryimage\",\"url\":\"https:\\\/\\\/havo.ch\\\/wp-content\\\/uploads\\\/2026\\\/04\\\/2026-04-28-11_33_47-Posteingang-miriam.faerber@havo.ch-Outlook.jpg\",\"contentUrl\":\"https:\\\/\\\/havo.ch\\\/wp-content\\\/uploads\\\/2026\\\/04\\\/2026-04-28-11_33_47-Posteingang-miriam.faerber@havo.ch-Outlook.jpg\",\"width\":801,\"height\":205},{\"@type\":\"BreadcrumbList\",\"@id\":\"https:\\\/\\\/havo.ch\\\/fr\\\/webinaire-les-refrigerants-naturels-ont-le-vent-en-poupe\\\/#breadcrumb\",\"itemListElement\":[{\"@type\":\"ListItem\",\"position\":1,\"name\":\"Startseite\",\"item\":\"https:\\\/\\\/havo.ch\\\/fr\\\/\"},{\"@type\":\"ListItem\",\"position\":2,\"name\":\"Actualit\u00e9s\",\"item\":\"https:\\\/\\\/havo.ch\\\/fr\\\/cat\u00e9gorie\\\/actualites\\\/\"},{\"@type\":\"ListItem\",\"position\":3,\"name\":\"Actualit\u00e9s et tendances\",\"item\":\"https:\\\/\\\/havo.ch\\\/fr\\\/cat\u00e9gorie\\\/actualites\\\/actualites-et-tendances\\\/\"},{\"@type\":\"ListItem\",\"position\":4,\"name\":\"Webinar : Visite de showroom\"}]},{\"@type\":\"WebSite\",\"@id\":\"https:\\\/\\\/havo.ch\\\/fr\\\/#website\",\"url\":\"https:\\\/\\\/havo.ch\\\/fr\\\/\",\"name\":\"HAVO Group AG\",\"description\":\"Solutions de r\u00e9frig\u00e9ration pr\u00eates \u00e0 brancher pour l'univers de la fra\u00eecheur suisse.\",\"publisher\":{\"@id\":\"https:\\\/\\\/havo.ch\\\/fr\\\/#organization\"},\"alternateName\":\"HAVO Group AG\",\"potentialAction\":[{\"@type\":\"SearchAction\",\"target\":{\"@type\":\"EntryPoint\",\"urlTemplate\":\"https:\\\/\\\/havo.ch\\\/fr\\\/?s={search_term_string}\"},\"query-input\":{\"@type\":\"PropertyValueSpecification\",\"valueRequired\":true,\"valueName\":\"search_term_string\"}}],\"inLanguage\":\"fr-FR\"},{\"@type\":\"Organization\",\"@id\":\"https:\\\/\\\/havo.ch\\\/fr\\\/#organization\",\"name\":\"HAVO Group AG\",\"alternateName\":\"HAVO Group AG\",\"url\":\"https:\\\/\\\/havo.ch\\\/fr\\\/\",\"logo\":{\"@type\":\"ImageObject\",\"inLanguage\":\"fr-FR\",\"@id\":\"https:\\\/\\\/havo.ch\\\/fr\\\/#\\\/schema\\\/logo\\\/image\\\/\",\"url\":\"https:\\\/\\\/havo.ch\\\/wp-content\\\/uploads\\\/2025\\\/10\\\/HAVO-Group-AG-Logo-farbig.svg\",\"contentUrl\":\"https:\\\/\\\/havo.ch\\\/wp-content\\\/uploads\\\/2025\\\/10\\\/HAVO-Group-AG-Logo-farbig.svg\",\"width\":793,\"height\":122,\"caption\":\"HAVO Group AG\"},\"image\":{\"@id\":\"https:\\\/\\\/havo.ch\\\/fr\\\/#\\\/schema\\\/logo\\\/image\\\/\"},\"sameAs\":[\"https:\\\/\\\/www.facebook.com\\\/havogroupag\",\"https:\\\/\\\/www.instagram.com\\\/havogroupag\\\/\",\"https:\\\/\\\/www.linkedin.com\\\/company\\\/havo-group-ag\\\/\",\"https:\\\/\\\/www.youtube.com\\\/@havogroupag6623\",\"https:\\\/\\\/www.tiktok.com\\\/@havogroupag\"]},{\"@type\":\"Person\",\"@id\":\"https:\\\/\\\/havo.ch\\\/fr\\\/#\\\/schema\\\/person\\\/389ad0c5f667fe8e3b7a33bbd8043cb8\",\"name\":\"admin\",\"sameAs\":[\"https:\\\/\\\/havo.ch\"]}]}<\/script>\n<!-- \/ Yoast SEO plugin. -->","yoast_head_json":{"title":"Webinar : Visite de showroom &#8211; HAVO Group AG","robots":{"index":"index","follow":"follow","max-snippet":"max-snippet:-1","max-image-preview":"max-image-preview:large","max-video-preview":"max-video-preview:-1"},"canonical":"https:\/\/havo.ch\/fr\/webinaire-les-refrigerants-naturels-ont-le-vent-en-poupe\/","og_locale":"fr_FR","og_type":"article","og_title":"Webinar : Visite de showroom &#8211; HAVO Group AG","og_description":"Visite du showroom IDEAL AKE Mercredi 6 mai 2026 11h00 \u2013 12h00 CEST En ligne S\u2019inscrire maintenant Une visite passionnante vous transporte dans l\u2019univers d\u2019IDEAL AKE. Ce webinaire allie les avantages de l\u2019accessibilit\u00e9 num\u00e9rique \u00e0 l\u2019atmosph\u00e8re agr\u00e9able d\u2019une visite guid\u00e9e personnalis\u00e9e de notre salle d\u2019exposition. Plongez dans un monde d\u2019exp\u00e9riences interactives et laissez-vous s\u00e9duire par [&hellip;]","og_url":"https:\/\/havo.ch\/fr\/webinaire-les-refrigerants-naturels-ont-le-vent-en-poupe\/","og_site_name":"HAVO Group AG","article_publisher":"https:\/\/www.facebook.com\/havogroupag","article_published_time":"2025-09-10T12:47:57+00:00","article_modified_time":"2026-04-28T09:34:32+00:00","og_image":[{"width":801,"height":205,"url":"https:\/\/havo.ch\/wp-content\/uploads\/2026\/04\/2026-04-28-11_33_47-Posteingang-miriam.faerber@havo.ch-Outlook.jpg","type":"image\/jpeg"}],"author":"admin","twitter_card":"summary_large_image","twitter_misc":{"\u00c9crit par":"admin"},"schema":{"@context":"https:\/\/schema.org","@graph":[{"@type":"Article","@id":"https:\/\/havo.ch\/fr\/webinaire-les-refrigerants-naturels-ont-le-vent-en-poupe\/#article","isPartOf":{"@id":"https:\/\/havo.ch\/fr\/webinaire-les-refrigerants-naturels-ont-le-vent-en-poupe\/"},"author":{"name":"admin","@id":"https:\/\/havo.ch\/fr\/#\/schema\/person\/389ad0c5f667fe8e3b7a33bbd8043cb8"},"headline":"Webinar : Visite de showroom","datePublished":"2025-09-10T12:47:57+00:00","dateModified":"2026-04-28T09:34:32+00:00","mainEntityOfPage":{"@id":"https:\/\/havo.ch\/fr\/webinaire-les-refrigerants-naturels-ont-le-vent-en-poupe\/"},"wordCount":83,"publisher":{"@id":"https:\/\/havo.ch\/fr\/#organization"},"image":{"@id":"https:\/\/havo.ch\/fr\/webinaire-les-refrigerants-naturels-ont-le-vent-en-poupe\/#primaryimage"},"thumbnailUrl":"https:\/\/havo.ch\/wp-content\/uploads\/2026\/04\/2026-04-28-11_33_47-Posteingang-miriam.faerber@havo.ch-Outlook.jpg","articleSection":["Actualit\u00e9s et tendances"],"inLanguage":"fr-FR"},{"@type":"WebPage","@id":"https:\/\/havo.ch\/fr\/webinaire-les-refrigerants-naturels-ont-le-vent-en-poupe\/","url":"https:\/\/havo.ch\/fr\/webinaire-les-refrigerants-naturels-ont-le-vent-en-poupe\/","name":"Webinar : Visite de showroom &#8211; HAVO Group AG","isPartOf":{"@id":"https:\/\/havo.ch\/fr\/#website"},"primaryImageOfPage":{"@id":"https:\/\/havo.ch\/fr\/webinaire-les-refrigerants-naturels-ont-le-vent-en-poupe\/#primaryimage"},"image":{"@id":"https:\/\/havo.ch\/fr\/webinaire-les-refrigerants-naturels-ont-le-vent-en-poupe\/#primaryimage"},"thumbnailUrl":"https:\/\/havo.ch\/wp-content\/uploads\/2026\/04\/2026-04-28-11_33_47-Posteingang-miriam.faerber@havo.ch-Outlook.jpg","datePublished":"2025-09-10T12:47:57+00:00","dateModified":"2026-04-28T09:34:32+00:00","breadcrumb":{"@id":"https:\/\/havo.ch\/fr\/webinaire-les-refrigerants-naturels-ont-le-vent-en-poupe\/#breadcrumb"},"inLanguage":"fr-FR","potentialAction":[{"@type":"ReadAction","target":["https:\/\/havo.ch\/fr\/webinaire-les-refrigerants-naturels-ont-le-vent-en-poupe\/"]}]},{"@type":"ImageObject","inLanguage":"fr-FR","@id":"https:\/\/havo.ch\/fr\/webinaire-les-refrigerants-naturels-ont-le-vent-en-poupe\/#primaryimage","url":"https:\/\/havo.ch\/wp-content\/uploads\/2026\/04\/2026-04-28-11_33_47-Posteingang-miriam.faerber@havo.ch-Outlook.jpg","contentUrl":"https:\/\/havo.ch\/wp-content\/uploads\/2026\/04\/2026-04-28-11_33_47-Posteingang-miriam.faerber@havo.ch-Outlook.jpg","width":801,"height":205},{"@type":"BreadcrumbList","@id":"https:\/\/havo.ch\/fr\/webinaire-les-refrigerants-naturels-ont-le-vent-en-poupe\/#breadcrumb","itemListElement":[{"@type":"ListItem","position":1,"name":"Startseite","item":"https:\/\/havo.ch\/fr\/"},{"@type":"ListItem","position":2,"name":"Actualit\u00e9s","item":"https:\/\/havo.ch\/fr\/cat\u00e9gorie\/actualites\/"},{"@type":"ListItem","position":3,"name":"Actualit\u00e9s et tendances","item":"https:\/\/havo.ch\/fr\/cat\u00e9gorie\/actualites\/actualites-et-tendances\/"},{"@type":"ListItem","position":4,"name":"Webinar : Visite de showroom"}]},{"@type":"WebSite","@id":"https:\/\/havo.ch\/fr\/#website","url":"https:\/\/havo.ch\/fr\/","name":"HAVO Group AG","description":"Solutions de r\u00e9frig\u00e9ration pr\u00eates \u00e0 brancher pour l'univers de la fra\u00eecheur suisse.","publisher":{"@id":"https:\/\/havo.ch\/fr\/#organization"},"alternateName":"HAVO Group AG","potentialAction":[{"@type":"SearchAction","target":{"@type":"EntryPoint","urlTemplate":"https:\/\/havo.ch\/fr\/?s={search_term_string}"},"query-input":{"@type":"PropertyValueSpecification","valueRequired":true,"valueName":"search_term_string"}}],"inLanguage":"fr-FR"},{"@type":"Organization","@id":"https:\/\/havo.ch\/fr\/#organization","name":"HAVO Group AG","alternateName":"HAVO Group AG","url":"https:\/\/havo.ch\/fr\/","logo":{"@type":"ImageObject","inLanguage":"fr-FR","@id":"https:\/\/havo.ch\/fr\/#\/schema\/logo\/image\/","url":"https:\/\/havo.ch\/wp-content\/uploads\/2025\/10\/HAVO-Group-AG-Logo-farbig.svg","contentUrl":"https:\/\/havo.ch\/wp-content\/uploads\/2025\/10\/HAVO-Group-AG-Logo-farbig.svg","width":793,"height":122,"caption":"HAVO Group AG"},"image":{"@id":"https:\/\/havo.ch\/fr\/#\/schema\/logo\/image\/"},"sameAs":["https:\/\/www.facebook.com\/havogroupag","https:\/\/www.instagram.com\/havogroupag\/","https:\/\/www.linkedin.com\/company\/havo-group-ag\/","https:\/\/www.youtube.com\/@havogroupag6623","https:\/\/www.tiktok.com\/@havogroupag"]},{"@type":"Person","@id":"https:\/\/havo.ch\/fr\/#\/schema\/person\/389ad0c5f667fe8e3b7a33bbd8043cb8","name":"admin","sameAs":["https:\/\/havo.ch"]}]}},"publishpress_future_action":{"enabled":false,"date":"2026-05-09 13:01:03","action":"change-status","newStatus":"draft","terms":[],"taxonomy":"category","extraData":[]},"publishpress_future_workflow_manual_trigger":{"enabledWorkflows":[]},"_links":{"self":[{"href":"https:\/\/havo.ch\/fr\/wp-json\/wp\/v2\/posts\/3081","targetHints":{"allow":["GET"]}}],"collection":[{"href":"https:\/\/havo.ch\/fr\/wp-json\/wp\/v2\/posts"}],"about":[{"href":"https:\/\/havo.ch\/fr\/wp-json\/wp\/v2\/types\/post"}],"author":[{"embeddable":true,"href":"https:\/\/havo.ch\/fr\/wp-json\/wp\/v2\/users\/1"}],"replies":[{"embeddable":true,"href":"https:\/\/havo.ch\/fr\/wp-json\/wp\/v2\/comments?post=3081"}],"version-history":[{"count":4,"href":"https:\/\/havo.ch\/fr\/wp-json\/wp\/v2\/posts\/3081\/revisions"}],"predecessor-version":[{"id":4583,"href":"https:\/\/havo.ch\/fr\/wp-json\/wp\/v2\/posts\/3081\/revisions\/4583"}],"wp:featuredmedia":[{"embeddable":true,"href":"https:\/\/havo.ch\/fr\/wp-json\/wp\/v2\/media\/4585"}],"wp:attachment":[{"href":"https:\/\/havo.ch\/fr\/wp-json\/wp\/v2\/media?parent=3081"}],"wp:term":[{"taxonomy":"category","embeddable":true,"href":"https:\/\/havo.ch\/fr\/wp-json\/wp\/v2\/categories?post=3081"},{"taxonomy":"post_tag","embeddable":true,"href":"https:\/\/havo.ch\/fr\/wp-json\/wp\/v2\/tags?post=3081"}],"curies":[{"name":"wp","href":"https:\/\/api.w.org\/{rel}","templated":true}]}}