{"id":4086,"date":"2025-12-15T16:35:41","date_gmt":"2025-12-15T15:35:41","guid":{"rendered":"https:\/\/havo.ch\/nos-heures-douverture-pendant-les-fetes-de-fin-dannee\/"},"modified":"2025-12-18T14:27:20","modified_gmt":"2025-12-18T13:27:20","slug":"nos-heures-douverture-pendant-les-fetes-de-fin-dannee","status":"publish","type":"post","link":"https:\/\/havo.ch\/fr\/nos-heures-douverture-pendant-les-fetes-de-fin-dannee\/","title":{"rendered":"Nos heures d\u2019ouverture pendant les f\u00eates de fin d\u2019ann\u00e9e"},"content":{"rendered":"\t\t<div data-elementor-type=\"wp-post\" data-elementor-id=\"4086\" class=\"elementor elementor-4086 elementor-4082\" data-elementor-post-type=\"post\">\n\t\t\t\t<div class=\"elementor-element elementor-element-49c2160d e-flex e-con-boxed e-con e-parent\" data-id=\"49c2160d\" data-element_type=\"container\" data-e-type=\"container\">\n\t\t\t\t\t<div class=\"e-con-inner\">\n\t\t\t\t<div class=\"elementor-element elementor-element-14651812 elementor-widget elementor-widget-text-editor\" data-id=\"14651812\" data-element_type=\"widget\" data-e-type=\"widget\" data-widget_type=\"text-editor.default\">\n\t\t\t\t<div class=\"elementor-widget-container\">\n\t\t\t\t\t\t\t\t\t<p> Le temps de l\u2019Avent invite \u00e0 faire une courte pause, \u00e0 passer en revue l\u2019ann\u00e9e \u00e9coul\u00e9e et \u00e0 exprimer sa gratitude. Nous vous souhaitons une p\u00e9riode de f\u00eates paisible, remplie de moments agr\u00e9ables et reposants. <\/p><p><strong>Nos heures d\u2019ouverture pendant les f\u00eates de fin d\u2019ann\u00e9e :<\/strong><\/p><p><strong>24.12.2025 : ouvert jusqu\u2019\u00e0 16h00<br><\/strong><\/p><p><strong>25.12.2025 : Ferm\u00e9<\/strong><\/p><p><strong>26.12.2025 : Ferm\u00e9<\/strong><\/p><p><strong>31.12.2025 : ouvert jusqu\u2019\u00e0 16h00<\/strong><\/p><p><strong>01.01.2026 : Ferm\u00e9<\/strong><\/p><p><strong>02.01.2026 : Ferm\u00e9<\/strong><\/p><p><strong>\u00c0 partir du 05.01.2026 : heures d\u2019ouverture normales<\/strong><\/p><p>M\u00eame pendant les f\u00eates, nous mettons tout en \u0153uvre pour vous offrir un service fiable et de haute qualit\u00e9. Nous vous remercions sinc\u00e8rement de votre confiance et de votre fid\u00e9lit\u00e9 au cours de l'ann\u00e9e \u00e9coul\u00e9e et nous nous r\u00e9jouissons de pouvoir continuer \u00e0 vous accompagner au cours de la nouvelle ann\u00e9e. <\/p><p>Profitez de cette p\u00e9riode festive en compagnie de vos proches \u2013 nous vous souhaitons une bonne fin d'ann\u00e9e et un d\u00e9but d'ann\u00e9e r\u00e9ussi.<\/p><p>Votre HAVO Group AG<\/p>\t\t\t\t\t\t\t\t<\/div>\n\t\t\t\t<\/div>\n\t\t\t\t\t<\/div>\n\t\t\t\t<\/div>\n\t\t\t\t<\/div>\n\t\t","protected":false},"excerpt":{"rendered":"<p>Le temps de l\u2019Avent invite \u00e0 faire une courte pause, \u00e0 passer en revue l\u2019ann\u00e9e \u00e9coul\u00e9e et \u00e0 exprimer sa gratitude. Nous vous souhaitons une p\u00e9riode de f\u00eates paisible, remplie de moments agr\u00e9ables et reposants. Nos heures d\u2019ouverture pendant les f\u00eates de fin d\u2019ann\u00e9e : 24.12.2025 : ouvert jusqu\u2019\u00e0 16h00 25.12.2025 : Ferm\u00e9 26.12.2025 : [&hellip;]<\/p>\n","protected":false},"author":2,"featured_media":4087,"comment_status":"closed","ping_status":"closed","sticky":false,"template":"","format":"standard","meta":{"_acf_changed":false,"footnotes":""},"categories":[135,94],"tags":[],"class_list":["post-4086","post","type-post","status-publish","format-standard","has-post-thumbnail","hentry","category-actualites","category-actualites-et-tendances"],"acf":[],"yoast_head":"<!-- This site is optimized with the Yoast SEO plugin v27.3 - https:\/\/yoast.com\/product\/yoast-seo-wordpress\/ -->\n<title>Nos heures d\u2019ouverture pendant les f\u00eates de fin d\u2019ann\u00e9e &#8211; HAVO Group AG<\/title>\n<meta name=\"robots\" content=\"index, follow, max-snippet:-1, max-image-preview:large, max-video-preview:-1\" \/>\n<link rel=\"canonical\" href=\"https:\/\/havo.ch\/fr\/nos-heures-douverture-pendant-les-fetes-de-fin-dannee\/\" \/>\n<meta property=\"og:locale\" content=\"fr_FR\" \/>\n<meta property=\"og:type\" content=\"article\" \/>\n<meta property=\"og:title\" content=\"Nos heures d\u2019ouverture pendant les f\u00eates de fin d\u2019ann\u00e9e &#8211; HAVO Group AG\" \/>\n<meta property=\"og:description\" content=\"Le temps de l\u2019Avent invite \u00e0 faire une courte pause, \u00e0 passer en revue l\u2019ann\u00e9e \u00e9coul\u00e9e et \u00e0 exprimer sa gratitude. Nous vous souhaitons une p\u00e9riode de f\u00eates paisible, remplie de moments agr\u00e9ables et reposants. Nos heures d\u2019ouverture pendant les f\u00eates de fin d\u2019ann\u00e9e : 24.12.2025 : ouvert jusqu\u2019\u00e0 16h00 25.12.2025 : Ferm\u00e9 26.12.2025 : [&hellip;]\" \/>\n<meta property=\"og:url\" content=\"https:\/\/havo.ch\/fr\/nos-heures-douverture-pendant-les-fetes-de-fin-dannee\/\" \/>\n<meta property=\"og:site_name\" content=\"HAVO Group AG\" \/>\n<meta property=\"article:publisher\" content=\"https:\/\/www.facebook.com\/havogroupag\" \/>\n<meta property=\"article:published_time\" content=\"2025-12-15T15:35:41+00:00\" \/>\n<meta property=\"article:modified_time\" content=\"2025-12-18T13:27:20+00:00\" \/>\n<meta property=\"og:image\" content=\"https:\/\/havo.ch\/wp-content\/uploads\/2025\/12\/csm_Weihnachten_2018_Header2_ae7372e3d1.png\" \/>\n\t<meta property=\"og:image:width\" content=\"600\" \/>\n\t<meta property=\"og:image:height\" content=\"345\" \/>\n\t<meta property=\"og:image:type\" content=\"image\/png\" \/>\n<meta name=\"author\" content=\"Aline Jost\" \/>\n<meta name=\"twitter:card\" content=\"summary_large_image\" \/>\n<meta name=\"twitter:label1\" content=\"\u00c9crit par\" \/>\n\t<meta name=\"twitter:data1\" content=\"Aline Jost\" \/>\n\t<meta name=\"twitter:label2\" content=\"Dur\u00e9e de lecture estim\u00e9e\" \/>\n\t<meta name=\"twitter:data2\" content=\"1 minute\" \/>\n<script type=\"application\/ld+json\" class=\"yoast-schema-graph\">{\"@context\":\"https:\\\/\\\/schema.org\",\"@graph\":[{\"@type\":\"Article\",\"@id\":\"https:\\\/\\\/havo.ch\\\/fr\\\/nos-heures-douverture-pendant-les-fetes-de-fin-dannee\\\/#article\",\"isPartOf\":{\"@id\":\"https:\\\/\\\/havo.ch\\\/fr\\\/nos-heures-douverture-pendant-les-fetes-de-fin-dannee\\\/\"},\"author\":{\"name\":\"Aline Jost\",\"@id\":\"https:\\\/\\\/havo.ch\\\/fr\\\/#\\\/schema\\\/person\\\/d4a24e3b999c2122ca868397e5edfbc1\"},\"headline\":\"Nos heures d\u2019ouverture pendant les f\u00eates de fin d\u2019ann\u00e9e\",\"datePublished\":\"2025-12-15T15:35:41+00:00\",\"dateModified\":\"2025-12-18T13:27:20+00:00\",\"mainEntityOfPage\":{\"@id\":\"https:\\\/\\\/havo.ch\\\/fr\\\/nos-heures-douverture-pendant-les-fetes-de-fin-dannee\\\/\"},\"wordCount\":174,\"publisher\":{\"@id\":\"https:\\\/\\\/havo.ch\\\/fr\\\/#organization\"},\"image\":{\"@id\":\"https:\\\/\\\/havo.ch\\\/fr\\\/nos-heures-douverture-pendant-les-fetes-de-fin-dannee\\\/#primaryimage\"},\"thumbnailUrl\":\"https:\\\/\\\/havo.ch\\\/wp-content\\\/uploads\\\/2025\\\/12\\\/csm_Weihnachten_2018_Header2_ae7372e3d1.png\",\"articleSection\":[\"Actualit\u00e9s\",\"Actualit\u00e9s et tendances\"],\"inLanguage\":\"fr-FR\"},{\"@type\":\"WebPage\",\"@id\":\"https:\\\/\\\/havo.ch\\\/fr\\\/nos-heures-douverture-pendant-les-fetes-de-fin-dannee\\\/\",\"url\":\"https:\\\/\\\/havo.ch\\\/fr\\\/nos-heures-douverture-pendant-les-fetes-de-fin-dannee\\\/\",\"name\":\"Nos heures d\u2019ouverture pendant les f\u00eates de fin d\u2019ann\u00e9e &#8211; HAVO Group AG\",\"isPartOf\":{\"@id\":\"https:\\\/\\\/havo.ch\\\/fr\\\/#website\"},\"primaryImageOfPage\":{\"@id\":\"https:\\\/\\\/havo.ch\\\/fr\\\/nos-heures-douverture-pendant-les-fetes-de-fin-dannee\\\/#primaryimage\"},\"image\":{\"@id\":\"https:\\\/\\\/havo.ch\\\/fr\\\/nos-heures-douverture-pendant-les-fetes-de-fin-dannee\\\/#primaryimage\"},\"thumbnailUrl\":\"https:\\\/\\\/havo.ch\\\/wp-content\\\/uploads\\\/2025\\\/12\\\/csm_Weihnachten_2018_Header2_ae7372e3d1.png\",\"datePublished\":\"2025-12-15T15:35:41+00:00\",\"dateModified\":\"2025-12-18T13:27:20+00:00\",\"breadcrumb\":{\"@id\":\"https:\\\/\\\/havo.ch\\\/fr\\\/nos-heures-douverture-pendant-les-fetes-de-fin-dannee\\\/#breadcrumb\"},\"inLanguage\":\"fr-FR\",\"potentialAction\":[{\"@type\":\"ReadAction\",\"target\":[\"https:\\\/\\\/havo.ch\\\/fr\\\/nos-heures-douverture-pendant-les-fetes-de-fin-dannee\\\/\"]}]},{\"@type\":\"ImageObject\",\"inLanguage\":\"fr-FR\",\"@id\":\"https:\\\/\\\/havo.ch\\\/fr\\\/nos-heures-douverture-pendant-les-fetes-de-fin-dannee\\\/#primaryimage\",\"url\":\"https:\\\/\\\/havo.ch\\\/wp-content\\\/uploads\\\/2025\\\/12\\\/csm_Weihnachten_2018_Header2_ae7372e3d1.png\",\"contentUrl\":\"https:\\\/\\\/havo.ch\\\/wp-content\\\/uploads\\\/2025\\\/12\\\/csm_Weihnachten_2018_Header2_ae7372e3d1.png\",\"width\":600,\"height\":345},{\"@type\":\"BreadcrumbList\",\"@id\":\"https:\\\/\\\/havo.ch\\\/fr\\\/nos-heures-douverture-pendant-les-fetes-de-fin-dannee\\\/#breadcrumb\",\"itemListElement\":[{\"@type\":\"ListItem\",\"position\":1,\"name\":\"Startseite\",\"item\":\"https:\\\/\\\/havo.ch\\\/fr\\\/\"},{\"@type\":\"ListItem\",\"position\":2,\"name\":\"Actualit\u00e9s\",\"item\":\"https:\\\/\\\/havo.ch\\\/fr\\\/cat\u00e9gorie\\\/actualites\\\/\"},{\"@type\":\"ListItem\",\"position\":3,\"name\":\"Nos heures d\u2019ouverture pendant les f\u00eates de fin d\u2019ann\u00e9e\"}]},{\"@type\":\"WebSite\",\"@id\":\"https:\\\/\\\/havo.ch\\\/fr\\\/#website\",\"url\":\"https:\\\/\\\/havo.ch\\\/fr\\\/\",\"name\":\"HAVO Group AG\",\"description\":\"Solutions de r\u00e9frig\u00e9ration pr\u00eates \u00e0 brancher pour l'univers de la fra\u00eecheur suisse.\",\"publisher\":{\"@id\":\"https:\\\/\\\/havo.ch\\\/fr\\\/#organization\"},\"alternateName\":\"HAVO Group AG\",\"potentialAction\":[{\"@type\":\"SearchAction\",\"target\":{\"@type\":\"EntryPoint\",\"urlTemplate\":\"https:\\\/\\\/havo.ch\\\/fr\\\/?s={search_term_string}\"},\"query-input\":{\"@type\":\"PropertyValueSpecification\",\"valueRequired\":true,\"valueName\":\"search_term_string\"}}],\"inLanguage\":\"fr-FR\"},{\"@type\":\"Organization\",\"@id\":\"https:\\\/\\\/havo.ch\\\/fr\\\/#organization\",\"name\":\"HAVO Group AG\",\"alternateName\":\"HAVO Group AG\",\"url\":\"https:\\\/\\\/havo.ch\\\/fr\\\/\",\"logo\":{\"@type\":\"ImageObject\",\"inLanguage\":\"fr-FR\",\"@id\":\"https:\\\/\\\/havo.ch\\\/fr\\\/#\\\/schema\\\/logo\\\/image\\\/\",\"url\":\"https:\\\/\\\/havo.ch\\\/wp-content\\\/uploads\\\/2025\\\/10\\\/HAVO-Group-AG-Logo-farbig.svg\",\"contentUrl\":\"https:\\\/\\\/havo.ch\\\/wp-content\\\/uploads\\\/2025\\\/10\\\/HAVO-Group-AG-Logo-farbig.svg\",\"width\":793,\"height\":122,\"caption\":\"HAVO Group AG\"},\"image\":{\"@id\":\"https:\\\/\\\/havo.ch\\\/fr\\\/#\\\/schema\\\/logo\\\/image\\\/\"},\"sameAs\":[\"https:\\\/\\\/www.facebook.com\\\/havogroupag\",\"https:\\\/\\\/www.instagram.com\\\/havogroupag\\\/\",\"https:\\\/\\\/www.linkedin.com\\\/company\\\/havo-group-ag\\\/\",\"https:\\\/\\\/www.youtube.com\\\/@havogroupag6623\",\"https:\\\/\\\/www.tiktok.com\\\/@havogroupag\"]},{\"@type\":\"Person\",\"@id\":\"https:\\\/\\\/havo.ch\\\/fr\\\/#\\\/schema\\\/person\\\/d4a24e3b999c2122ca868397e5edfbc1\",\"name\":\"Aline Jost\"}]}<\/script>\n<!-- \/ Yoast SEO plugin. -->","yoast_head_json":{"title":"Nos heures d\u2019ouverture pendant les f\u00eates de fin d\u2019ann\u00e9e &#8211; HAVO Group AG","robots":{"index":"index","follow":"follow","max-snippet":"max-snippet:-1","max-image-preview":"max-image-preview:large","max-video-preview":"max-video-preview:-1"},"canonical":"https:\/\/havo.ch\/fr\/nos-heures-douverture-pendant-les-fetes-de-fin-dannee\/","og_locale":"fr_FR","og_type":"article","og_title":"Nos heures d\u2019ouverture pendant les f\u00eates de fin d\u2019ann\u00e9e &#8211; HAVO Group AG","og_description":"Le temps de l\u2019Avent invite \u00e0 faire une courte pause, \u00e0 passer en revue l\u2019ann\u00e9e \u00e9coul\u00e9e et \u00e0 exprimer sa gratitude. Nous vous souhaitons une p\u00e9riode de f\u00eates paisible, remplie de moments agr\u00e9ables et reposants. Nos heures d\u2019ouverture pendant les f\u00eates de fin d\u2019ann\u00e9e : 24.12.2025 : ouvert jusqu\u2019\u00e0 16h00 25.12.2025 : Ferm\u00e9 26.12.2025 : [&hellip;]","og_url":"https:\/\/havo.ch\/fr\/nos-heures-douverture-pendant-les-fetes-de-fin-dannee\/","og_site_name":"HAVO Group AG","article_publisher":"https:\/\/www.facebook.com\/havogroupag","article_published_time":"2025-12-15T15:35:41+00:00","article_modified_time":"2025-12-18T13:27:20+00:00","og_image":[{"width":600,"height":345,"url":"https:\/\/havo.ch\/wp-content\/uploads\/2025\/12\/csm_Weihnachten_2018_Header2_ae7372e3d1.png","type":"image\/png"}],"author":"Aline Jost","twitter_card":"summary_large_image","twitter_misc":{"\u00c9crit par":"Aline Jost","Dur\u00e9e de lecture estim\u00e9e":"1 minute"},"schema":{"@context":"https:\/\/schema.org","@graph":[{"@type":"Article","@id":"https:\/\/havo.ch\/fr\/nos-heures-douverture-pendant-les-fetes-de-fin-dannee\/#article","isPartOf":{"@id":"https:\/\/havo.ch\/fr\/nos-heures-douverture-pendant-les-fetes-de-fin-dannee\/"},"author":{"name":"Aline Jost","@id":"https:\/\/havo.ch\/fr\/#\/schema\/person\/d4a24e3b999c2122ca868397e5edfbc1"},"headline":"Nos heures d\u2019ouverture pendant les f\u00eates de fin d\u2019ann\u00e9e","datePublished":"2025-12-15T15:35:41+00:00","dateModified":"2025-12-18T13:27:20+00:00","mainEntityOfPage":{"@id":"https:\/\/havo.ch\/fr\/nos-heures-douverture-pendant-les-fetes-de-fin-dannee\/"},"wordCount":174,"publisher":{"@id":"https:\/\/havo.ch\/fr\/#organization"},"image":{"@id":"https:\/\/havo.ch\/fr\/nos-heures-douverture-pendant-les-fetes-de-fin-dannee\/#primaryimage"},"thumbnailUrl":"https:\/\/havo.ch\/wp-content\/uploads\/2025\/12\/csm_Weihnachten_2018_Header2_ae7372e3d1.png","articleSection":["Actualit\u00e9s","Actualit\u00e9s et tendances"],"inLanguage":"fr-FR"},{"@type":"WebPage","@id":"https:\/\/havo.ch\/fr\/nos-heures-douverture-pendant-les-fetes-de-fin-dannee\/","url":"https:\/\/havo.ch\/fr\/nos-heures-douverture-pendant-les-fetes-de-fin-dannee\/","name":"Nos heures d\u2019ouverture pendant les f\u00eates de fin d\u2019ann\u00e9e &#8211; HAVO Group AG","isPartOf":{"@id":"https:\/\/havo.ch\/fr\/#website"},"primaryImageOfPage":{"@id":"https:\/\/havo.ch\/fr\/nos-heures-douverture-pendant-les-fetes-de-fin-dannee\/#primaryimage"},"image":{"@id":"https:\/\/havo.ch\/fr\/nos-heures-douverture-pendant-les-fetes-de-fin-dannee\/#primaryimage"},"thumbnailUrl":"https:\/\/havo.ch\/wp-content\/uploads\/2025\/12\/csm_Weihnachten_2018_Header2_ae7372e3d1.png","datePublished":"2025-12-15T15:35:41+00:00","dateModified":"2025-12-18T13:27:20+00:00","breadcrumb":{"@id":"https:\/\/havo.ch\/fr\/nos-heures-douverture-pendant-les-fetes-de-fin-dannee\/#breadcrumb"},"inLanguage":"fr-FR","potentialAction":[{"@type":"ReadAction","target":["https:\/\/havo.ch\/fr\/nos-heures-douverture-pendant-les-fetes-de-fin-dannee\/"]}]},{"@type":"ImageObject","inLanguage":"fr-FR","@id":"https:\/\/havo.ch\/fr\/nos-heures-douverture-pendant-les-fetes-de-fin-dannee\/#primaryimage","url":"https:\/\/havo.ch\/wp-content\/uploads\/2025\/12\/csm_Weihnachten_2018_Header2_ae7372e3d1.png","contentUrl":"https:\/\/havo.ch\/wp-content\/uploads\/2025\/12\/csm_Weihnachten_2018_Header2_ae7372e3d1.png","width":600,"height":345},{"@type":"BreadcrumbList","@id":"https:\/\/havo.ch\/fr\/nos-heures-douverture-pendant-les-fetes-de-fin-dannee\/#breadcrumb","itemListElement":[{"@type":"ListItem","position":1,"name":"Startseite","item":"https:\/\/havo.ch\/fr\/"},{"@type":"ListItem","position":2,"name":"Actualit\u00e9s","item":"https:\/\/havo.ch\/fr\/cat\u00e9gorie\/actualites\/"},{"@type":"ListItem","position":3,"name":"Nos heures d\u2019ouverture pendant les f\u00eates de fin d\u2019ann\u00e9e"}]},{"@type":"WebSite","@id":"https:\/\/havo.ch\/fr\/#website","url":"https:\/\/havo.ch\/fr\/","name":"HAVO Group AG","description":"Solutions de r\u00e9frig\u00e9ration pr\u00eates \u00e0 brancher pour l'univers de la fra\u00eecheur suisse.","publisher":{"@id":"https:\/\/havo.ch\/fr\/#organization"},"alternateName":"HAVO Group AG","potentialAction":[{"@type":"SearchAction","target":{"@type":"EntryPoint","urlTemplate":"https:\/\/havo.ch\/fr\/?s={search_term_string}"},"query-input":{"@type":"PropertyValueSpecification","valueRequired":true,"valueName":"search_term_string"}}],"inLanguage":"fr-FR"},{"@type":"Organization","@id":"https:\/\/havo.ch\/fr\/#organization","name":"HAVO Group AG","alternateName":"HAVO Group AG","url":"https:\/\/havo.ch\/fr\/","logo":{"@type":"ImageObject","inLanguage":"fr-FR","@id":"https:\/\/havo.ch\/fr\/#\/schema\/logo\/image\/","url":"https:\/\/havo.ch\/wp-content\/uploads\/2025\/10\/HAVO-Group-AG-Logo-farbig.svg","contentUrl":"https:\/\/havo.ch\/wp-content\/uploads\/2025\/10\/HAVO-Group-AG-Logo-farbig.svg","width":793,"height":122,"caption":"HAVO Group AG"},"image":{"@id":"https:\/\/havo.ch\/fr\/#\/schema\/logo\/image\/"},"sameAs":["https:\/\/www.facebook.com\/havogroupag","https:\/\/www.instagram.com\/havogroupag\/","https:\/\/www.linkedin.com\/company\/havo-group-ag\/","https:\/\/www.youtube.com\/@havogroupag6623","https:\/\/www.tiktok.com\/@havogroupag"]},{"@type":"Person","@id":"https:\/\/havo.ch\/fr\/#\/schema\/person\/d4a24e3b999c2122ca868397e5edfbc1","name":"Aline Jost"}]}},"publishpress_future_action":{"enabled":false,"date":"2026-05-08 16:06:07","action":"change-status","newStatus":"draft","terms":[],"taxonomy":"category","extraData":[]},"publishpress_future_workflow_manual_trigger":{"enabledWorkflows":[]},"_links":{"self":[{"href":"https:\/\/havo.ch\/fr\/wp-json\/wp\/v2\/posts\/4086","targetHints":{"allow":["GET"]}}],"collection":[{"href":"https:\/\/havo.ch\/fr\/wp-json\/wp\/v2\/posts"}],"about":[{"href":"https:\/\/havo.ch\/fr\/wp-json\/wp\/v2\/types\/post"}],"author":[{"embeddable":true,"href":"https:\/\/havo.ch\/fr\/wp-json\/wp\/v2\/users\/2"}],"replies":[{"embeddable":true,"href":"https:\/\/havo.ch\/fr\/wp-json\/wp\/v2\/comments?post=4086"}],"version-history":[{"count":4,"href":"https:\/\/havo.ch\/fr\/wp-json\/wp\/v2\/posts\/4086\/revisions"}],"predecessor-version":[{"id":4166,"href":"https:\/\/havo.ch\/fr\/wp-json\/wp\/v2\/posts\/4086\/revisions\/4166"}],"wp:featuredmedia":[{"embeddable":true,"href":"https:\/\/havo.ch\/fr\/wp-json\/wp\/v2\/media\/4087"}],"wp:attachment":[{"href":"https:\/\/havo.ch\/fr\/wp-json\/wp\/v2\/media?parent=4086"}],"wp:term":[{"taxonomy":"category","embeddable":true,"href":"https:\/\/havo.ch\/fr\/wp-json\/wp\/v2\/categories?post=4086"},{"taxonomy":"post_tag","embeddable":true,"href":"https:\/\/havo.ch\/fr\/wp-json\/wp\/v2\/tags?post=4086"}],"curies":[{"name":"wp","href":"https:\/\/api.w.org\/{rel}","templated":true}]}}